{"id":101,"date":"2018-10-11T10:38:10","date_gmt":"2018-10-11T08:38:10","guid":{"rendered":"http:\/\/fv.lindennest.de\/?p=101"},"modified":"2018-10-11T10:50:45","modified_gmt":"2018-10-11T08:50:45","slug":"mitgliederversammlung","status":"publish","type":"post","link":"http:\/\/fv.lindennest.de\/?p=101","title":{"rendered":"Mitgliederversammlung"},"content":{"rendered":"\n<p style=\"text-align:center\"><strong>Einladung zur Mitgliederversammlung<br\/>\ndes F\u00f6rderverein Kindergarten Lindennest Limmersdorf<\/strong><\/p>\n\n\n\n<p>An alle Mitglieder des F\u00f6rdervereins Kindergarten Limmersdorf ergeht die herzliche Einladung am<\/p>\n\n\n\n<p style=\"text-align:center\"><strong><em>Dienstag, den 13. November 2018 zur<br\/>Mitgliederversammlung um 20:00 Uhr<br\/>in der Kindertagesst\u00e4tte Lindennest in Limmersdorf<br\/>(Raum des Gartenbauvereins)<\/em><\/strong><\/p>\n\n\n\n<p><em>Tagesordnung:<\/em><\/p>\n\n\n\n<ol class=\"wp-block-list\"><li>Jahresbericht des 1. Vorsitzenden<\/li><li>Jahresbericht des Kassier Sven Zink<\/li><li>Bericht der Kassenpr\u00fcfer und Entlastung der Vorstandschaft<\/li><li>Satzungs\u00e4nderungen:<ul><li>\u00a7 5.2: Erh\u00f6hung des Mindestbeitrages von 6,- Euro auf 10,- Euro<\/li><\/ul><ul><li>$ 7.1: \u00c4nderung der Amtsdauer in der Satzung laut Beschluss der JHV v. 08.07.2008<\/li><\/ul><ul><li>\u00a7 7.7: \u00c4nderung der Vertretungsmacht des Vorstandes<\/li><li><em>Alle \u00c4nderungen im Detail k\u00f6nnen Sie unter\u00a0<a href=\"http:\/\/www.lindennest.de\/jhv2018.pdf\">www.lindennest.de\/jhv2018.pdf<\/a>\u00a0einsehen. Dabei sind vorgesehene L\u00f6schungen rot markiert und Erg\u00e4nzungen gr\u00fcn.<\/em> \u00a0<\/li><\/ul><\/li><li>Vorschau auf das Kindergartenjahr 2018\/2019<\/li><li>Allgemeine Diskussion (W\u00fcnsche, Antr\u00e4ge und Sonstiges)<ul><li>Themen k\u00f6nnen am Abend der Mitgliederversammlung oder vorab per E-Mail vorgetragen werden.<\/li><\/ul><\/li><\/ol>\n\n\n\n<p>Wir freuen uns auf zahlreiche Teilnehmer<\/p>\n\n\n\n<p>Stefan Wei\u00dfflach und Christina G\u00fcnther<\/p>\n","protected":false},"excerpt":{"rendered":"<p>Einladung zur Mitgliederversammlung des F\u00f6rderverein Kindergarten Lindennest Limmersdorf An alle Mitglieder des F\u00f6rdervereins Kindergarten Limmersdorf ergeht die herzliche Einladung am Dienstag, den 13. November 2018 zurMitgliederversammlung um 20:00 Uhrin der Kindertagesst\u00e4tte Lindennest in Limmersdorf(Raum des Gartenbauvereins) Tagesordnung: Jahresbericht des 1. Vorsitzenden Jahresbericht des Kassier Sven Zink Bericht der Kassenpr\u00fcfer und Entlastung der Vorstandschaft Satzungs\u00e4nderungen: \u00a7 &hellip; <\/p>\n<p class=\"link-more\"><a href=\"http:\/\/fv.lindennest.de\/?p=101\" class=\"more-link\"><span class=\"screen-reader-text\">\u201eMitgliederversammlung\u201c<\/span> weiterlesen<\/a><\/p>\n","protected":false},"author":1,"featured_media":0,"comment_status":"closed","ping_status":"open","sticky":false,"template":"","format":"standard","meta":{"footnotes":""},"categories":[1],"tags":[],"class_list":["post-101","post","type-post","status-publish","format-standard","hentry","category-allgemein"],"_links":{"self":[{"href":"http:\/\/fv.lindennest.de\/index.php?rest_route=\/wp\/v2\/posts\/101","targetHints":{"allow":["GET"]}}],"collection":[{"href":"http:\/\/fv.lindennest.de\/index.php?rest_route=\/wp\/v2\/posts"}],"about":[{"href":"http:\/\/fv.lindennest.de\/index.php?rest_route=\/wp\/v2\/types\/post"}],"author":[{"embeddable":true,"href":"http:\/\/fv.lindennest.de\/index.php?rest_route=\/wp\/v2\/users\/1"}],"replies":[{"embeddable":true,"href":"http:\/\/fv.lindennest.de\/index.php?rest_route=%2Fwp%2Fv2%2Fcomments&post=101"}],"version-history":[{"count":5,"href":"http:\/\/fv.lindennest.de\/index.php?rest_route=\/wp\/v2\/posts\/101\/revisions"}],"predecessor-version":[{"id":108,"href":"http:\/\/fv.lindennest.de\/index.php?rest_route=\/wp\/v2\/posts\/101\/revisions\/108"}],"wp:attachment":[{"href":"http:\/\/fv.lindennest.de\/index.php?rest_route=%2Fwp%2Fv2%2Fmedia&parent=101"}],"wp:term":[{"taxonomy":"category","embeddable":true,"href":"http:\/\/fv.lindennest.de\/index.php?rest_route=%2Fwp%2Fv2%2Fcategories&post=101"},{"taxonomy":"post_tag","embeddable":true,"href":"http:\/\/fv.lindennest.de\/index.php?rest_route=%2Fwp%2Fv2%2Ftags&post=101"}],"curies":[{"name":"wp","href":"https:\/\/api.w.org\/{rel}","templated":true}]}}